{"id":15862,"date":"2025-01-09T14:05:49","date_gmt":"2025-01-09T13:05:49","guid":{"rendered":"https:\/\/www.huurreiberica.com\/?p=15862"},"modified":"2026-04-01T13:52:09","modified_gmt":"2026-04-01T11:52:09","slug":"chez-huurre-iberica-nous-avons-promu-la-solidarite-avec-des-initiatives-importantes-en-2024-dans-le-cadre-du-programme-planet-passionate-communities-fund","status":"publish","type":"post","link":"https:\/\/www.huurreiberica.com\/fr\/chez-huurre-iberica-nous-avons-promu-la-solidarite-avec-des-initiatives-importantes-en-2024-dans-le-cadre-du-programme-planet-passionate-communities-fund\/","title":{"rendered":"Chez Huurre Ib\u00e9rica, nous avons des initiatives importantes en 2024 dans le cadre du programme Planet Passionate Communities Fund"},"content":{"rendered":"\n<p>En 2024, nous avons r\u00e9affirm\u00e9 notre engagement en faveur de l&rsquo;environnement, du sport et de la solidarit\u00e9 en participant \u00e0 quatre projets ayant un impact social et environnemental significatif. Ci-dessous, nous pr\u00e9sentons chacune de ces initiatives et leur objectif.<\/p>\n\n\n\n<p><strong>1. Cam\u00ed de Mar de la Costa Brava<\/strong>&nbsp;<\/p>\n\n\n\n<p>Ce projet ambitieux vise \u00e0 relier Argel\u00e8s (France) \u00e0 Malgrat de Mar en cr\u00e9ant un itin\u00e9raire de randonn\u00e9e continu le long de la Costa Brava. Le \u00ab Cam\u00ed de Mar \u00bb cherche \u00e0 int\u00e9grer des sentiers existants et \u00e0 se connecter avec les chemins c\u00f4tiers du sud de la France.<\/p>\n\n\n\n<figure class=\"wp-block-image\"><img loading=\"lazy\" decoding=\"async\" width=\"1024\" height=\"502\" src=\"https:\/\/www.huurreiberica.com\/wp-content\/uploads\/2025\/01\/image-1024x502.jpeg\" alt=\"\" class=\"wp-image-15607\" srcset=\"https:\/\/www.huurreiberica.com\/wp-content\/uploads\/2025\/01\/image-1024x502.jpeg 1024w, https:\/\/www.huurreiberica.com\/wp-content\/uploads\/2025\/01\/image-300x147.jpeg 300w, https:\/\/www.huurreiberica.com\/wp-content\/uploads\/2025\/01\/image-768x377.jpeg 768w, https:\/\/www.huurreiberica.com\/wp-content\/uploads\/2025\/01\/image.jpeg 1242w\" sizes=\"auto, (max-width: 1024px) 100vw, 1024px\" \/><\/figure>\n\n\n\n<p>Ce projet ne se contente pas de promouvoir une activit\u00e9 physique saine et accessible, il favorise \u00e9galement l\u2019inclusion gr\u00e2ce \u00e0 une signalisation unifi\u00e9e et multisensorielle. De plus, l\u2019initiative contribue \u00e0 la pr\u00e9servation de l\u2019environnement et \u00e0 la promotion de l\u2019\u00e9ducation culturelle et \u00e9cologique, offrant ainsi aux communaut\u00e9s locales la possibilit\u00e9 de profiter de la nature.<\/p>\n\n\n\n<p><strong>2. OncoSwim , Oncotrail et Oncobike 2024<\/strong>&nbsp;<\/p>\n\n\n\n<p>Nous avons jou\u00e9 un r\u00f4le cl\u00e9 dans les \u00e9v\u00e9nements solidaires organis\u00e9s par la Fondation Oncolliga Girona: OncoSwim, Oncotrail et OncoBike. Ces trois \u00e9v\u00e9nements ont pour but de collecter des fonds pour la lutte contre le cancer.<\/p>\n\n\n\n<p><strong>OncoSwim<\/strong>, une travers\u00e9e \u00e0 la nage sur la c\u00f4te de Palafrugell, <strong>Oncotrail<\/strong>, une course de 100 km en \u00e9quipe, et <strong>OncoBike<\/strong>, un d\u00e9fi cycliste de r\u00e9sistance, sont bien plus que de simples d\u00e9fis sportifs. Chaque pas, chaque coup de brasse ou chaque coup de p\u00e9dale est un geste de solidarit\u00e9 envers les malades du cancer et leurs familles. En 2024, ces \u00e9v\u00e9nements ont permis de r\u00e9colter plus de 390 000 euros, destin\u00e9s \u00e0 soutenir la recherche sur le cancer et \u00e0 am\u00e9liorer la qualit\u00e9 de vie des patients.<\/p>\n\n\n\n<figure class=\"wp-block-image\"><img loading=\"lazy\" decoding=\"async\" width=\"768\" height=\"1024\" src=\"https:\/\/www.huurreiberica.com\/wp-content\/uploads\/2025\/01\/image-1-768x1024.jpeg\" alt=\"\" class=\"wp-image-15611\" srcset=\"https:\/\/www.huurreiberica.com\/wp-content\/uploads\/2025\/01\/image-1-768x1023.jpeg 768w, https:\/\/www.huurreiberica.com\/wp-content\/uploads\/2025\/01\/image-1-225x300.jpeg 225w, https:\/\/www.huurreiberica.com\/wp-content\/uploads\/2025\/01\/image-1-1153x1536.jpeg 1153w, https:\/\/www.huurreiberica.com\/wp-content\/uploads\/2025\/01\/image-1.jpeg 1200w\" sizes=\"auto, (max-width: 768px) 100vw, 768px\" \/><\/figure>\n\n\n\n<figure class=\"wp-block-image\"><img loading=\"lazy\" decoding=\"async\" width=\"1024\" height=\"461\" src=\"https:\/\/www.huurreiberica.com\/wp-content\/uploads\/2024\/10\/image-2-1024x461.jpeg\" alt=\"\" class=\"wp-image-15647\" srcset=\"https:\/\/www.huurreiberica.com\/wp-content\/uploads\/2024\/10\/image-2-1024x461.jpeg 1024w, https:\/\/www.huurreiberica.com\/wp-content\/uploads\/2024\/10\/image-2-300x135.jpeg 300w, https:\/\/www.huurreiberica.com\/wp-content\/uploads\/2024\/10\/image-2-768x346.jpeg 768w, https:\/\/www.huurreiberica.com\/wp-content\/uploads\/2024\/10\/image-2-1536x691.jpeg 1536w, https:\/\/www.huurreiberica.com\/wp-content\/uploads\/2024\/10\/image-2.jpeg 1600w\" sizes=\"auto, (max-width: 1024px) 100vw, 1024px\" \/><\/figure>\n\n\n\n<figure class=\"wp-block-image\"><img loading=\"lazy\" decoding=\"async\" width=\"768\" height=\"1024\" src=\"https:\/\/www.huurreiberica.com\/wp-content\/uploads\/2024\/10\/image-1-768x1024.jpeg\" alt=\"\" class=\"wp-image-15641\" srcset=\"https:\/\/www.huurreiberica.com\/wp-content\/uploads\/2024\/10\/image-1-768x1024.jpeg 768w, https:\/\/www.huurreiberica.com\/wp-content\/uploads\/2024\/10\/image-1-225x300.jpeg 225w, https:\/\/www.huurreiberica.com\/wp-content\/uploads\/2024\/10\/image-1-1152x1536.jpeg 1152w, https:\/\/www.huurreiberica.com\/wp-content\/uploads\/2024\/10\/image-1.jpeg 1200w\" sizes=\"auto, (max-width: 768px) 100vw, 768px\" \/><\/figure>\n\n\n\n<figure class=\"wp-block-image\"><img loading=\"lazy\" decoding=\"async\" width=\"1024\" height=\"768\" src=\"https:\/\/www.huurreiberica.com\/wp-content\/uploads\/2025\/01\/image-4-1024x768.jpeg\" alt=\"\" class=\"wp-image-15623\" srcset=\"https:\/\/www.huurreiberica.com\/wp-content\/uploads\/2025\/01\/image-4-1024x768.jpeg 1024w, https:\/\/www.huurreiberica.com\/wp-content\/uploads\/2025\/01\/image-4-300x225.jpeg 300w, https:\/\/www.huurreiberica.com\/wp-content\/uploads\/2025\/01\/image-4-768x576.jpeg 768w, https:\/\/www.huurreiberica.com\/wp-content\/uploads\/2025\/01\/image-4-1536x1152.jpeg 1536w, https:\/\/www.huurreiberica.com\/wp-content\/uploads\/2025\/01\/image-4-702x526.jpeg 702w, https:\/\/www.huurreiberica.com\/wp-content\/uploads\/2025\/01\/image-4.jpeg 1600w\" sizes=\"auto, (max-width: 1024px) 100vw, 1024px\" \/><\/figure>\n\n\n\n<figure class=\"wp-block-image\"><img loading=\"lazy\" decoding=\"async\" width=\"1024\" height=\"768\" src=\"https:\/\/www.huurreiberica.com\/wp-content\/uploads\/2025\/01\/image-5-1024x768.jpeg\" alt=\"\" class=\"wp-image-15627\" srcset=\"https:\/\/www.huurreiberica.com\/wp-content\/uploads\/2025\/01\/image-5-1024x768.jpeg 1024w, https:\/\/www.huurreiberica.com\/wp-content\/uploads\/2025\/01\/image-5-300x225.jpeg 300w, https:\/\/www.huurreiberica.com\/wp-content\/uploads\/2025\/01\/image-5-768x576.jpeg 768w, https:\/\/www.huurreiberica.com\/wp-content\/uploads\/2025\/01\/image-5-1536x1152.jpeg 1536w, https:\/\/www.huurreiberica.com\/wp-content\/uploads\/2025\/01\/image-5-702x526.jpeg 702w, https:\/\/www.huurreiberica.com\/wp-content\/uploads\/2025\/01\/image-5.jpeg 1600w\" sizes=\"auto, (max-width: 1024px) 100vw, 1024px\" \/><\/figure>\n\n\n\n<p><strong>3. Prematch Experience et Journ\u00e9e Environnementale avec l\u2019\u00e9quipe de jeunes du B\u00e0squet Girona<\/strong>&nbsp;<\/p>\n\n\n\n<p>Nous avons \u00e9galement renforc\u00e9 notre engagement en faveur de la communaut\u00e9 en collaborant avec le B\u00e0squet Girona dans le cadre du programme Planet Passionate Communities. Ce projet vise \u00e0 promouvoir le sport, la solidarit\u00e9 et la prise de conscience environnementale de mani\u00e8re active et participative.<\/p>\n\n\n\n<figure class=\"wp-block-image\"><img loading=\"lazy\" decoding=\"async\" width=\"1024\" height=\"683\" src=\"https:\/\/www.huurreiberica.com\/wp-content\/uploads\/2025\/01\/image-6-1024x683.jpeg\" alt=\"\" class=\"wp-image-15631\" srcset=\"https:\/\/www.huurreiberica.com\/wp-content\/uploads\/2025\/01\/image-6-1024x683.jpeg 1024w, https:\/\/www.huurreiberica.com\/wp-content\/uploads\/2025\/01\/image-6-300x200.jpeg 300w, https:\/\/www.huurreiberica.com\/wp-content\/uploads\/2025\/01\/image-6-768x512.jpeg 768w, https:\/\/www.huurreiberica.com\/wp-content\/uploads\/2025\/01\/image-6.jpeg 1280w\" sizes=\"auto, (max-width: 1024px) 100vw, 1024px\" \/><\/figure>\n\n\n\n<p>Gr\u00e2ce \u00e0 cette collaboration, nous avons non seulement v\u00e9cu un moment inoubliable avec la Prematch Experience et le match entre le B\u00e0squet Girona et la Fundaci\u00f3n CB Granada, mais aussi franchi une \u00e9tape significative vers un avenir plus responsable. Gr\u00e2ce \u00e0 notre participation \u00e0 la Journ\u00e9e Environnementale, nous avons r\u00e9alis\u00e9 une collecte importante de d\u00e9chets dans le fleuve Ter, impliquant les jeunes joueurs de B\u00e0squet Girona, la Brigada Salabret et les employ\u00e9s de Huurre Ib\u00e9rica.<\/p>\n\n\n\n<p><strong>4. Projet S\u00e8lvans : Conservation de la For\u00eat Centenaire HUURRE<\/strong>&nbsp;<\/p>\n\n\n\n<p>Ce projet se concentre sur la pr\u00e9servation de 45,77 hectares de la \u00ab For\u00eat Centenaire HUURRE \u00bb, une for\u00eat mixte situ\u00e9e \u00e0 Caldes de Malavella. En collaboration avec l\u2019organisation S\u00e8lvans, nous avons investi dans la conservation de cet \u00e9cosyst\u00e8me important, en garantissant sa protection au moins jusqu\u2019en 2034. Cette initiative fait partie de notre engagement en faveur \u00e0 la protection des for\u00eats matures et promouvant les bains de for\u00eat comme activit\u00e9 de reconnexion \u00e0 la nature et de bien-\u00eatre personnel.<\/p>\n\n\n\n<figure class=\"wp-block-embed is-type-video is-provider-youtube wp-block-embed-youtube wp-embed-aspect-16-9 wp-has-aspect-ratio\"><div class=\"wp-block-embed__wrapper\">\n<iframe loading=\"lazy\" title=\"S\u00e8lvans: Protegint els boscos per a les generacions futures\" width=\"500\" height=\"281\" src=\"https:\/\/www.youtube.com\/embed\/ALa3A-Qneak?feature=oembed\" frameborder=\"0\" allow=\"accelerometer; autoplay; clipboard-write; encrypted-media; gyroscope; picture-in-picture; web-share\" referrerpolicy=\"strict-origin-when-cross-origin\" allowfullscreen><\/iframe>\n<\/div><\/figure>\n\n\n\n<figure class=\"wp-block-image\"><img loading=\"lazy\" decoding=\"async\" width=\"1024\" height=\"768\" src=\"https:\/\/www.huurreiberica.com\/wp-content\/uploads\/2025\/01\/image-7-1024x768.jpeg\" alt=\"\" class=\"wp-image-15635\" srcset=\"https:\/\/www.huurreiberica.com\/wp-content\/uploads\/2025\/01\/image-7-1024x768.jpeg 1024w, https:\/\/www.huurreiberica.com\/wp-content\/uploads\/2025\/01\/image-7-300x225.jpeg 300w, https:\/\/www.huurreiberica.com\/wp-content\/uploads\/2025\/01\/image-7-768x576.jpeg 768w, https:\/\/www.huurreiberica.com\/wp-content\/uploads\/2025\/01\/image-7-1536x1152.jpeg 1536w, https:\/\/www.huurreiberica.com\/wp-content\/uploads\/2025\/01\/image-7-702x526.jpeg 702w, https:\/\/www.huurreiberica.com\/wp-content\/uploads\/2025\/01\/image-7.jpeg 1600w\" sizes=\"auto, (max-width: 1024px) 100vw, 1024px\" \/><\/figure>\n\n\n\n<p>Avec ces quatre projets, nous renfor\u00e7ons notre vision d\u2019un avenir plus responsable, solidaire et engag\u00e9 aupr\u00e8s des communaut\u00e9s locales. \u00c0 travers le sport, la pr\u00e9servation de l\u2019environnement et le soutien \u00e0 la recherche, nous continuons \u00e0 faire la diff\u00e9rence en 2024.<\/p>\n","protected":false},"excerpt":{"rendered":"<p>En 2024, nous avons r\u00e9affirm\u00e9 notre engagement en faveur de l&rsquo;environnement, du sport et de la solidarit\u00e9 en participant \u00e0 quatre projets ayant un impact social et environnemental significatif. Ci-dessous, nous pr\u00e9sentons chacune de ces initiatives et leur objectif. 1. Cam\u00ed de Mar de la Costa Brava&nbsp; Ce projet ambitieux vise \u00e0 relier Argel\u00e8s (France) [&hellip;]<\/p>\n","protected":false},"author":12,"featured_media":15609,"comment_status":"closed","ping_status":"closed","sticky":false,"template":"","format":"standard","meta":{"_acf_changed":false,"_oasis_is_in_workflow":0,"_oasis_original":0,"_oasis_task_priority":"2normal","_genesis_hide_title":false,"_genesis_hide_breadcrumbs":false,"_genesis_hide_singular_image":false,"_genesis_hide_footer_widgets":false,"_genesis_custom_body_class":"","_genesis_custom_post_class":"","_genesis_layout":"","footnotes":""},"categories":[111,106,109],"tags":[],"class_list":{"0":"post-15862","1":"post","2":"type-post","3":"status-publish","4":"format-standard","5":"has-post-thumbnail","7":"category-durabilite","8":"category-huurre-fr","9":"category-planet-passionate-fr","10":"entry"},"acf":[],"yoast_head":"<!-- This site is optimized with the Yoast SEO plugin v27.3 - https:\/\/yoast.com\/product\/yoast-seo-wordpress\/ -->\n<title>Chez Huurre Ib\u00e9rica, nous avons des initiatives importantes en 2024 dans le cadre du programme Planet Passionate Communities Fund - Huurre<\/title>\n<meta name=\"robots\" content=\"index, follow, max-snippet:-1, max-image-preview:large, max-video-preview:-1\" \/>\n<link rel=\"canonical\" href=\"https:\/\/www.huurreiberica.com\/fr\/chez-huurre-iberica-nous-avons-promu-la-solidarite-avec-des-initiatives-importantes-en-2024-dans-le-cadre-du-programme-planet-passionate-communities-fund\/\" \/>\n<meta property=\"og:locale\" content=\"fr_FR\" \/>\n<meta property=\"og:type\" content=\"article\" \/>\n<meta property=\"og:title\" content=\"Chez Huurre Ib\u00e9rica, nous avons des initiatives importantes en 2024 dans le cadre du programme Planet Passionate Communities Fund - Huurre\" \/>\n<meta property=\"og:description\" content=\"En 2024, nous avons r\u00e9affirm\u00e9 notre engagement en faveur de l&rsquo;environnement, du sport et de la solidarit\u00e9 en participant \u00e0 quatre projets ayant un impact social et environnemental significatif. Ci-dessous, nous pr\u00e9sentons chacune de ces initiatives et leur objectif. 1. Cam\u00ed de Mar de la Costa Brava&nbsp; Ce projet ambitieux vise \u00e0 relier Argel\u00e8s (France) [&hellip;]\" \/>\n<meta property=\"og:url\" content=\"https:\/\/www.huurreiberica.com\/fr\/chez-huurre-iberica-nous-avons-promu-la-solidarite-avec-des-initiatives-importantes-en-2024-dans-le-cadre-du-programme-planet-passionate-communities-fund\/\" \/>\n<meta property=\"og:site_name\" content=\"Huurre\" \/>\n<meta property=\"article:published_time\" content=\"2025-01-09T13:05:49+00:00\" \/>\n<meta property=\"article:modified_time\" content=\"2026-04-01T11:52:09+00:00\" \/>\n<meta property=\"og:image\" content=\"https:\/\/www.huurreiberica.com\/wp-content\/uploads\/2025\/01\/image.jpeg\" \/>\n\t<meta property=\"og:image:width\" content=\"1242\" \/>\n\t<meta property=\"og:image:height\" content=\"609\" \/>\n\t<meta property=\"og:image:type\" content=\"image\/jpeg\" \/>\n<meta name=\"author\" content=\"Irene\" \/>\n<meta name=\"twitter:card\" content=\"summary_large_image\" \/>\n<meta name=\"twitter:label1\" content=\"\u00c9crit par\" \/>\n\t<meta name=\"twitter:data1\" content=\"Irene\" \/>\n\t<meta name=\"twitter:label2\" content=\"Dur\u00e9e de lecture estim\u00e9e\" \/>\n\t<meta name=\"twitter:data2\" content=\"5 minutes\" \/>\n<script type=\"application\/ld+json\" class=\"yoast-schema-graph\">{\"@context\":\"https:\\\/\\\/schema.org\",\"@graph\":[{\"@type\":\"Article\",\"@id\":\"https:\\\/\\\/www.huurreiberica.com\\\/fr\\\/chez-huurre-iberica-nous-avons-promu-la-solidarite-avec-des-initiatives-importantes-en-2024-dans-le-cadre-du-programme-planet-passionate-communities-fund\\\/#article\",\"isPartOf\":{\"@id\":\"https:\\\/\\\/www.huurreiberica.com\\\/fr\\\/chez-huurre-iberica-nous-avons-promu-la-solidarite-avec-des-initiatives-importantes-en-2024-dans-le-cadre-du-programme-planet-passionate-communities-fund\\\/\"},\"author\":{\"name\":\"Irene\",\"@id\":\"https:\\\/\\\/www.huurreiberica.com\\\/fr\\\/#\\\/schema\\\/person\\\/1fe29b8db99f1a4d5933201895b01475\"},\"headline\":\"Chez Huurre Ib\u00e9rica, nous avons des initiatives importantes en 2024 dans le cadre du programme Planet Passionate Communities Fund\",\"datePublished\":\"2025-01-09T13:05:49+00:00\",\"dateModified\":\"2026-04-01T11:52:09+00:00\",\"mainEntityOfPage\":{\"@id\":\"https:\\\/\\\/www.huurreiberica.com\\\/fr\\\/chez-huurre-iberica-nous-avons-promu-la-solidarite-avec-des-initiatives-importantes-en-2024-dans-le-cadre-du-programme-planet-passionate-communities-fund\\\/\"},\"wordCount\":605,\"image\":{\"@id\":\"https:\\\/\\\/www.huurreiberica.com\\\/fr\\\/chez-huurre-iberica-nous-avons-promu-la-solidarite-avec-des-initiatives-importantes-en-2024-dans-le-cadre-du-programme-planet-passionate-communities-fund\\\/#primaryimage\"},\"thumbnailUrl\":\"https:\\\/\\\/www.huurreiberica.com\\\/wp-content\\\/uploads\\\/2025\\\/01\\\/image.jpeg\",\"articleSection\":[\"Durabilit\u00e9\",\"Huurre\",\"Planet Passionate\"],\"inLanguage\":\"fr-FR\"},{\"@type\":\"WebPage\",\"@id\":\"https:\\\/\\\/www.huurreiberica.com\\\/fr\\\/chez-huurre-iberica-nous-avons-promu-la-solidarite-avec-des-initiatives-importantes-en-2024-dans-le-cadre-du-programme-planet-passionate-communities-fund\\\/\",\"url\":\"https:\\\/\\\/www.huurreiberica.com\\\/fr\\\/chez-huurre-iberica-nous-avons-promu-la-solidarite-avec-des-initiatives-importantes-en-2024-dans-le-cadre-du-programme-planet-passionate-communities-fund\\\/\",\"name\":\"Chez Huurre Ib\u00e9rica, nous avons des initiatives importantes en 2024 dans le cadre du programme Planet Passionate Communities Fund - Huurre\",\"isPartOf\":{\"@id\":\"https:\\\/\\\/www.huurreiberica.com\\\/fr\\\/#website\"},\"primaryImageOfPage\":{\"@id\":\"https:\\\/\\\/www.huurreiberica.com\\\/fr\\\/chez-huurre-iberica-nous-avons-promu-la-solidarite-avec-des-initiatives-importantes-en-2024-dans-le-cadre-du-programme-planet-passionate-communities-fund\\\/#primaryimage\"},\"image\":{\"@id\":\"https:\\\/\\\/www.huurreiberica.com\\\/fr\\\/chez-huurre-iberica-nous-avons-promu-la-solidarite-avec-des-initiatives-importantes-en-2024-dans-le-cadre-du-programme-planet-passionate-communities-fund\\\/#primaryimage\"},\"thumbnailUrl\":\"https:\\\/\\\/www.huurreiberica.com\\\/wp-content\\\/uploads\\\/2025\\\/01\\\/image.jpeg\",\"datePublished\":\"2025-01-09T13:05:49+00:00\",\"dateModified\":\"2026-04-01T11:52:09+00:00\",\"author\":{\"@id\":\"https:\\\/\\\/www.huurreiberica.com\\\/fr\\\/#\\\/schema\\\/person\\\/1fe29b8db99f1a4d5933201895b01475\"},\"breadcrumb\":{\"@id\":\"https:\\\/\\\/www.huurreiberica.com\\\/fr\\\/chez-huurre-iberica-nous-avons-promu-la-solidarite-avec-des-initiatives-importantes-en-2024-dans-le-cadre-du-programme-planet-passionate-communities-fund\\\/#breadcrumb\"},\"inLanguage\":\"fr-FR\",\"potentialAction\":[{\"@type\":\"ReadAction\",\"target\":[\"https:\\\/\\\/www.huurreiberica.com\\\/fr\\\/chez-huurre-iberica-nous-avons-promu-la-solidarite-avec-des-initiatives-importantes-en-2024-dans-le-cadre-du-programme-planet-passionate-communities-fund\\\/\"]}]},{\"@type\":\"ImageObject\",\"inLanguage\":\"fr-FR\",\"@id\":\"https:\\\/\\\/www.huurreiberica.com\\\/fr\\\/chez-huurre-iberica-nous-avons-promu-la-solidarite-avec-des-initiatives-importantes-en-2024-dans-le-cadre-du-programme-planet-passionate-communities-fund\\\/#primaryimage\",\"url\":\"https:\\\/\\\/www.huurreiberica.com\\\/wp-content\\\/uploads\\\/2025\\\/01\\\/image.jpeg\",\"contentUrl\":\"https:\\\/\\\/www.huurreiberica.com\\\/wp-content\\\/uploads\\\/2025\\\/01\\\/image.jpeg\",\"width\":1242,\"height\":609},{\"@type\":\"BreadcrumbList\",\"@id\":\"https:\\\/\\\/www.huurreiberica.com\\\/fr\\\/chez-huurre-iberica-nous-avons-promu-la-solidarite-avec-des-initiatives-importantes-en-2024-dans-le-cadre-du-programme-planet-passionate-communities-fund\\\/#breadcrumb\",\"itemListElement\":[{\"@type\":\"ListItem\",\"position\":1,\"name\":\"Home\",\"item\":\"https:\\\/\\\/www.huurreiberica.com\\\/fr\\\/\"},{\"@type\":\"ListItem\",\"position\":2,\"name\":\"Chez Huurre Ib\u00e9rica, nous avons des initiatives importantes en 2024 dans le cadre du programme Planet Passionate Communities Fund\"}]},{\"@type\":\"WebSite\",\"@id\":\"https:\\\/\\\/www.huurreiberica.com\\\/fr\\\/#website\",\"url\":\"https:\\\/\\\/www.huurreiberica.com\\\/fr\\\/\",\"name\":\"Huurre\",\"description\":\"Paneles aislantes para edificios eficientes y sostenibles | Fabricamos paneles para fachadas, paredes interiores,\",\"potentialAction\":[{\"@type\":\"SearchAction\",\"target\":{\"@type\":\"EntryPoint\",\"urlTemplate\":\"https:\\\/\\\/www.huurreiberica.com\\\/fr\\\/?s={search_term_string}\"},\"query-input\":{\"@type\":\"PropertyValueSpecification\",\"valueRequired\":true,\"valueName\":\"search_term_string\"}}],\"inLanguage\":\"fr-FR\"},{\"@type\":\"Person\",\"@id\":\"https:\\\/\\\/www.huurreiberica.com\\\/fr\\\/#\\\/schema\\\/person\\\/1fe29b8db99f1a4d5933201895b01475\",\"name\":\"Irene\",\"image\":{\"@type\":\"ImageObject\",\"inLanguage\":\"fr-FR\",\"@id\":\"https:\\\/\\\/secure.gravatar.com\\\/avatar\\\/bf7fb19d463462d8a8373338eb4543f42c3dedfb72b12e93feedbd155319d2f4?s=96&d=mm&r=g\",\"url\":\"https:\\\/\\\/secure.gravatar.com\\\/avatar\\\/bf7fb19d463462d8a8373338eb4543f42c3dedfb72b12e93feedbd155319d2f4?s=96&d=mm&r=g\",\"contentUrl\":\"https:\\\/\\\/secure.gravatar.com\\\/avatar\\\/bf7fb19d463462d8a8373338eb4543f42c3dedfb72b12e93feedbd155319d2f4?s=96&d=mm&r=g\",\"caption\":\"Irene\"}}]}<\/script>\n<!-- \/ Yoast SEO plugin. -->","yoast_head_json":{"title":"Chez Huurre Ib\u00e9rica, nous avons des initiatives importantes en 2024 dans le cadre du programme Planet Passionate Communities Fund - Huurre","robots":{"index":"index","follow":"follow","max-snippet":"max-snippet:-1","max-image-preview":"max-image-preview:large","max-video-preview":"max-video-preview:-1"},"canonical":"https:\/\/www.huurreiberica.com\/fr\/chez-huurre-iberica-nous-avons-promu-la-solidarite-avec-des-initiatives-importantes-en-2024-dans-le-cadre-du-programme-planet-passionate-communities-fund\/","og_locale":"fr_FR","og_type":"article","og_title":"Chez Huurre Ib\u00e9rica, nous avons des initiatives importantes en 2024 dans le cadre du programme Planet Passionate Communities Fund - Huurre","og_description":"En 2024, nous avons r\u00e9affirm\u00e9 notre engagement en faveur de l&rsquo;environnement, du sport et de la solidarit\u00e9 en participant \u00e0 quatre projets ayant un impact social et environnemental significatif. Ci-dessous, nous pr\u00e9sentons chacune de ces initiatives et leur objectif. 1. Cam\u00ed de Mar de la Costa Brava&nbsp; Ce projet ambitieux vise \u00e0 relier Argel\u00e8s (France) [&hellip;]","og_url":"https:\/\/www.huurreiberica.com\/fr\/chez-huurre-iberica-nous-avons-promu-la-solidarite-avec-des-initiatives-importantes-en-2024-dans-le-cadre-du-programme-planet-passionate-communities-fund\/","og_site_name":"Huurre","article_published_time":"2025-01-09T13:05:49+00:00","article_modified_time":"2026-04-01T11:52:09+00:00","og_image":[{"width":1242,"height":609,"url":"https:\/\/www.huurreiberica.com\/wp-content\/uploads\/2025\/01\/image.jpeg","type":"image\/jpeg"}],"author":"Irene","twitter_card":"summary_large_image","twitter_misc":{"\u00c9crit par":"Irene","Dur\u00e9e de lecture estim\u00e9e":"5 minutes"},"schema":{"@context":"https:\/\/schema.org","@graph":[{"@type":"Article","@id":"https:\/\/www.huurreiberica.com\/fr\/chez-huurre-iberica-nous-avons-promu-la-solidarite-avec-des-initiatives-importantes-en-2024-dans-le-cadre-du-programme-planet-passionate-communities-fund\/#article","isPartOf":{"@id":"https:\/\/www.huurreiberica.com\/fr\/chez-huurre-iberica-nous-avons-promu-la-solidarite-avec-des-initiatives-importantes-en-2024-dans-le-cadre-du-programme-planet-passionate-communities-fund\/"},"author":{"name":"Irene","@id":"https:\/\/www.huurreiberica.com\/fr\/#\/schema\/person\/1fe29b8db99f1a4d5933201895b01475"},"headline":"Chez Huurre Ib\u00e9rica, nous avons des initiatives importantes en 2024 dans le cadre du programme Planet Passionate Communities Fund","datePublished":"2025-01-09T13:05:49+00:00","dateModified":"2026-04-01T11:52:09+00:00","mainEntityOfPage":{"@id":"https:\/\/www.huurreiberica.com\/fr\/chez-huurre-iberica-nous-avons-promu-la-solidarite-avec-des-initiatives-importantes-en-2024-dans-le-cadre-du-programme-planet-passionate-communities-fund\/"},"wordCount":605,"image":{"@id":"https:\/\/www.huurreiberica.com\/fr\/chez-huurre-iberica-nous-avons-promu-la-solidarite-avec-des-initiatives-importantes-en-2024-dans-le-cadre-du-programme-planet-passionate-communities-fund\/#primaryimage"},"thumbnailUrl":"https:\/\/www.huurreiberica.com\/wp-content\/uploads\/2025\/01\/image.jpeg","articleSection":["Durabilit\u00e9","Huurre","Planet Passionate"],"inLanguage":"fr-FR"},{"@type":"WebPage","@id":"https:\/\/www.huurreiberica.com\/fr\/chez-huurre-iberica-nous-avons-promu-la-solidarite-avec-des-initiatives-importantes-en-2024-dans-le-cadre-du-programme-planet-passionate-communities-fund\/","url":"https:\/\/www.huurreiberica.com\/fr\/chez-huurre-iberica-nous-avons-promu-la-solidarite-avec-des-initiatives-importantes-en-2024-dans-le-cadre-du-programme-planet-passionate-communities-fund\/","name":"Chez Huurre Ib\u00e9rica, nous avons des initiatives importantes en 2024 dans le cadre du programme Planet Passionate Communities Fund - Huurre","isPartOf":{"@id":"https:\/\/www.huurreiberica.com\/fr\/#website"},"primaryImageOfPage":{"@id":"https:\/\/www.huurreiberica.com\/fr\/chez-huurre-iberica-nous-avons-promu-la-solidarite-avec-des-initiatives-importantes-en-2024-dans-le-cadre-du-programme-planet-passionate-communities-fund\/#primaryimage"},"image":{"@id":"https:\/\/www.huurreiberica.com\/fr\/chez-huurre-iberica-nous-avons-promu-la-solidarite-avec-des-initiatives-importantes-en-2024-dans-le-cadre-du-programme-planet-passionate-communities-fund\/#primaryimage"},"thumbnailUrl":"https:\/\/www.huurreiberica.com\/wp-content\/uploads\/2025\/01\/image.jpeg","datePublished":"2025-01-09T13:05:49+00:00","dateModified":"2026-04-01T11:52:09+00:00","author":{"@id":"https:\/\/www.huurreiberica.com\/fr\/#\/schema\/person\/1fe29b8db99f1a4d5933201895b01475"},"breadcrumb":{"@id":"https:\/\/www.huurreiberica.com\/fr\/chez-huurre-iberica-nous-avons-promu-la-solidarite-avec-des-initiatives-importantes-en-2024-dans-le-cadre-du-programme-planet-passionate-communities-fund\/#breadcrumb"},"inLanguage":"fr-FR","potentialAction":[{"@type":"ReadAction","target":["https:\/\/www.huurreiberica.com\/fr\/chez-huurre-iberica-nous-avons-promu-la-solidarite-avec-des-initiatives-importantes-en-2024-dans-le-cadre-du-programme-planet-passionate-communities-fund\/"]}]},{"@type":"ImageObject","inLanguage":"fr-FR","@id":"https:\/\/www.huurreiberica.com\/fr\/chez-huurre-iberica-nous-avons-promu-la-solidarite-avec-des-initiatives-importantes-en-2024-dans-le-cadre-du-programme-planet-passionate-communities-fund\/#primaryimage","url":"https:\/\/www.huurreiberica.com\/wp-content\/uploads\/2025\/01\/image.jpeg","contentUrl":"https:\/\/www.huurreiberica.com\/wp-content\/uploads\/2025\/01\/image.jpeg","width":1242,"height":609},{"@type":"BreadcrumbList","@id":"https:\/\/www.huurreiberica.com\/fr\/chez-huurre-iberica-nous-avons-promu-la-solidarite-avec-des-initiatives-importantes-en-2024-dans-le-cadre-du-programme-planet-passionate-communities-fund\/#breadcrumb","itemListElement":[{"@type":"ListItem","position":1,"name":"Home","item":"https:\/\/www.huurreiberica.com\/fr\/"},{"@type":"ListItem","position":2,"name":"Chez Huurre Ib\u00e9rica, nous avons des initiatives importantes en 2024 dans le cadre du programme Planet Passionate Communities Fund"}]},{"@type":"WebSite","@id":"https:\/\/www.huurreiberica.com\/fr\/#website","url":"https:\/\/www.huurreiberica.com\/fr\/","name":"Huurre","description":"Paneles aislantes para edificios eficientes y sostenibles | Fabricamos paneles para fachadas, paredes interiores,","potentialAction":[{"@type":"SearchAction","target":{"@type":"EntryPoint","urlTemplate":"https:\/\/www.huurreiberica.com\/fr\/?s={search_term_string}"},"query-input":{"@type":"PropertyValueSpecification","valueRequired":true,"valueName":"search_term_string"}}],"inLanguage":"fr-FR"},{"@type":"Person","@id":"https:\/\/www.huurreiberica.com\/fr\/#\/schema\/person\/1fe29b8db99f1a4d5933201895b01475","name":"Irene","image":{"@type":"ImageObject","inLanguage":"fr-FR","@id":"https:\/\/secure.gravatar.com\/avatar\/bf7fb19d463462d8a8373338eb4543f42c3dedfb72b12e93feedbd155319d2f4?s=96&d=mm&r=g","url":"https:\/\/secure.gravatar.com\/avatar\/bf7fb19d463462d8a8373338eb4543f42c3dedfb72b12e93feedbd155319d2f4?s=96&d=mm&r=g","contentUrl":"https:\/\/secure.gravatar.com\/avatar\/bf7fb19d463462d8a8373338eb4543f42c3dedfb72b12e93feedbd155319d2f4?s=96&d=mm&r=g","caption":"Irene"}}]}},"featured_image_src":"https:\/\/www.huurreiberica.com\/wp-content\/uploads\/2025\/01\/image.jpeg","featured_image_src_square":"https:\/\/www.huurreiberica.com\/wp-content\/uploads\/2025\/01\/image.jpeg","author_info":{"display_name":"Irene","author_link":"https:\/\/www.huurreiberica.com\/fr\/author\/irene\/"},"_links":{"self":[{"href":"https:\/\/www.huurreiberica.com\/fr\/wp-json\/wp\/v2\/posts\/15862","targetHints":{"allow":["GET"]}}],"collection":[{"href":"https:\/\/www.huurreiberica.com\/fr\/wp-json\/wp\/v2\/posts"}],"about":[{"href":"https:\/\/www.huurreiberica.com\/fr\/wp-json\/wp\/v2\/types\/post"}],"author":[{"embeddable":true,"href":"https:\/\/www.huurreiberica.com\/fr\/wp-json\/wp\/v2\/users\/12"}],"replies":[{"embeddable":true,"href":"https:\/\/www.huurreiberica.com\/fr\/wp-json\/wp\/v2\/comments?post=15862"}],"version-history":[{"count":9,"href":"https:\/\/www.huurreiberica.com\/fr\/wp-json\/wp\/v2\/posts\/15862\/revisions"}],"predecessor-version":[{"id":19755,"href":"https:\/\/www.huurreiberica.com\/fr\/wp-json\/wp\/v2\/posts\/15862\/revisions\/19755"}],"wp:featuredmedia":[{"embeddable":true,"href":"https:\/\/www.huurreiberica.com\/fr\/wp-json\/wp\/v2\/media\/15609"}],"wp:attachment":[{"href":"https:\/\/www.huurreiberica.com\/fr\/wp-json\/wp\/v2\/media?parent=15862"}],"wp:term":[{"taxonomy":"category","embeddable":true,"href":"https:\/\/www.huurreiberica.com\/fr\/wp-json\/wp\/v2\/categories?post=15862"},{"taxonomy":"post_tag","embeddable":true,"href":"https:\/\/www.huurreiberica.com\/fr\/wp-json\/wp\/v2\/tags?post=15862"}],"curies":[{"name":"wp","href":"https:\/\/api.w.org\/{rel}","templated":true}]}}